{"id":251,"date":"2024-07-11T17:47:54","date_gmt":"2024-07-11T17:47:54","guid":{"rendered":"https:\/\/www.festivaltwiza.ma\/wp\/?p=251"},"modified":"2024-07-11T17:47:54","modified_gmt":"2024-07-11T17:47:54","slug":"programme-du-18eme-edition-du-festival-twiza-de-tanger","status":"publish","type":"post","link":"https:\/\/www.festivaltwiza.ma\/wp\/programme-du-18eme-edition-du-festival-twiza-de-tanger\/","title":{"rendered":"Programme du 18\u00e8me \u00e9dition du Festival TWIZA de Tanger"},"content":{"rendered":"<p dir=\"ltr\" style=\"text-align: left;\"><strong>Programme du 18<em><sup>\u00e8me<\/sup><\/em> \u00e9dition<br \/>\n<\/strong><strong>du Festival TWIZA de Tanger<\/strong><\/p>\n<p dir=\"ltr\" style=\"text-align: left;\">\n<p dir=\"ltr\" style=\"text-align: left;\">sous le th\u00e8me :<\/p>\n<p dir=\"ltr\" style=\"text-align: left;\">\u00a0\u00ab\u00a0Les nations pr\u00e9valent tant qu\u2019elles pr\u00e9servent leurs morales..\u00bb<\/p>\n<p dir=\"ltr\" style=\"text-align: left;\"><strong>\u00a0<\/strong><strong>Jeudi 25 juillet 2024<\/strong><\/p>\n<p dir=\"ltr\" style=\"text-align: left;\">18H00\u00a0: Centre Culturel Ahmed BOUKMAKH-Tanger<\/p>\n<p dir=\"ltr\" style=\"text-align: left;\"><strong>&#8211; L&#8217;ouverture officielle du festival:<\/strong><\/p>\n<ul dir=\"ltr\" style=\"text-align: left;\">\n<li><strong>Exposition de livres en collaboration avec <\/strong>&#8220;Union de Editeurs Marocain&#8221;.<\/li>\n<li><strong>Exposition: IZRAN qui \u00e9manent des Visages du Rif, <\/strong>Zakaria El Bakkali &amp; Atelier cin\u00e9-photo- Bruxelles.<\/li>\n<li><strong>Exposition: l&#8217;Ecriture, mani\u00e8re d&#8217;exprimer sur le soi, la culture et l&#8217;identit\u00e9, <\/strong>Abdeslam ZIZOUNI<strong>.<\/strong><\/li>\n<li><strong>Exposition: LEBDA, <\/strong>Mounir BENRAKKI.<\/li>\n<li><strong>Exposition de l&#8217;art africain, <\/strong>la coop\u00e9rative des \u00e9tudiants de RWANDA.<\/li>\n<li><strong>Exposition, <\/strong>la coop\u00e9rative des \u00e9tudiants s\u00e9n\u00e9galais de l&#8217;\u00e9change culturel.<\/li>\n<li><strong>Exposition des objets amazighs, <\/strong>Mhend ACHAR.<\/li>\n<li><strong>Exposition des produits de l&#8217;artisant et du t\u00e9rroir.<\/strong><\/li>\n<li><strong>Espace de l&#8217;enfant: ateliers d&#8217;apprentissage de Tifinagh.<\/strong><\/li>\n<li><strong>Exposition<\/strong> &#8220;Ils sont pass\u00e9s par l\u00e0..&#8221;.<\/li>\n<li><strong>R\u00e9ception\/animation musicale.<\/strong><\/li>\n<\/ul>\n<p dir=\"ltr\" style=\"text-align: left;\"><strong>Toutes les \u00e9xpositions sont ouvertes du 25 au 28 juillet 2024<\/strong><\/p>\n<p dir=\"ltr\" style=\"text-align: left;\">18H30\u00a0: Centre Culturel Ahmed BOUKMAKH-Tanger<\/p>\n<p dir=\"ltr\" style=\"text-align: left;\"><strong>Dialogue\u00a0:<\/strong><\/p>\n<p dir=\"ltr\" style=\"text-align: left;\"><strong>\u00ab\u00a0La morale des civilisations\u00a0\u00bb<\/strong><\/p>\n<p dir=\"ltr\" style=\"text-align: left;\"><strong>Khazaal EL MAJIDI(Irak)-Ahmed ASSID (Maroc)<\/strong><\/p>\n<p dir=\"ltr\" style=\"text-align: left;\">22H00\u00a0: Th\u00e9\u00e2tre RIAD SULTAN- Kasbah-Tanger<\/p>\n<p dir=\"ltr\" style=\"text-align: left;\"><strong>Soir\u00e9e musicale d\u2019ouverture<\/strong><\/p>\n<p dir=\"ltr\" style=\"text-align: left;\"><strong>TIFYUR(Maroc)- Younes FAKHAR(Maroc)<\/strong><\/p>\n<p dir=\"ltr\" style=\"text-align: left;\"><strong>Vendredi 26 juillet 2024<\/strong><\/p>\n<p dir=\"ltr\" style=\"text-align: left;\">10H00 : Centre Culturel Ahmed BOUKMAKH-Tanger<\/p>\n<p dir=\"ltr\" style=\"text-align: left;\"><strong>Animation matinale pour enfants<\/strong><\/p>\n<p dir=\"ltr\" style=\"text-align: left;\"><strong>Atelier artistique<\/strong><\/p>\n<p dir=\"ltr\" style=\"text-align: left;\"><strong>Encadrement\u00a0:<\/strong><\/p>\n<p dir=\"ltr\" style=\"text-align: left;\"><strong>Coop\u00e9rative AFRISHINE ARTS GALLERY(Rwanda)<\/strong><\/p>\n<p dir=\"ltr\" style=\"text-align: left;\"><strong>Atelier \u00e9criture Tifinagh<\/strong><\/p>\n<p dir=\"ltr\" style=\"text-align: left;\"><strong>Encadrement\u00a0: Chafik AAROUD<\/strong><\/p>\n<p dir=\"ltr\" style=\"text-align: left;\">11H00\u00a0: Th\u00e9\u00e2tre RIAD SULTAN- Kasbah-Tanger<\/p>\n<p dir=\"ltr\" style=\"text-align: left;\"><strong>La 16 \u00e8me rencontre de la comm\u00e9moration de la litt\u00e9rature de Mohamed CHOUKRI<\/strong><\/p>\n<p dir=\"ltr\" style=\"text-align: left;\"><strong>CHOUKRI L\u2019IMMORALISTE<\/strong><\/p>\n<p dir=\"ltr\" style=\"text-align: left;\"><strong>Chems Doha EL BOURAKI(Maroc)-Abdellah IBRAHIM (Irak)-Salma Laghzaoui (Maroc)<\/strong><\/p>\n<p dir=\"ltr\" style=\"text-align: left;\"><strong>Hommage \u00e0 Mohamed AZZEDINE TAZI<\/strong><\/p>\n<p dir=\"ltr\" style=\"text-align: left;\"><strong>Mod\u00e9ration<\/strong><strong>\u00a0: Abdellatif BENYAHYA<\/strong><\/p>\n<p dir=\"ltr\" style=\"text-align: left;\"><strong>\u00a0<\/strong>13H30 l\u2019Ancienne ville de Tanger<\/p>\n<p dir=\"ltr\" style=\"text-align: left;\"><strong>\u00a0<\/strong><strong>Promenade touristique pour les invit\u00e9s du Festival dans l\u2019Ancienne ville de Tanger<\/strong><\/p>\n<p dir=\"ltr\" style=\"text-align: left;\">10H00 : Centre Culturel Ahmed BOUKMAKH-Tanger<\/p>\n<p dir=\"ltr\" style=\"text-align: left;\"><strong>D\u00e9bat ouvert avec\u00a0:<\/strong><\/p>\n<p dir=\"ltr\" style=\"text-align: left;\"><strong>Bourhane GHALYOUN(Syrie) -Mohamed TOUZI(Maroc)<\/strong><\/p>\n<p dir=\"ltr\" style=\"text-align: left;\"><strong>\u00a0Mod\u00e9ration: Mhamed JABROUNE<\/strong><\/p>\n<p dir=\"ltr\" style=\"text-align: left;\"><strong>Samedi 27 juillet 2024<\/strong><\/p>\n<p dir=\"ltr\" style=\"text-align: left;\">10H00 : Centre Culturel Ahmed BOUKMAKH-Tanger<\/p>\n<p dir=\"ltr\" style=\"text-align: left;\"><strong>\u00ab\u00a0Le Maroc\u00a0: Terre de Pr\u00e9mices \u00bb<\/strong><\/p>\n<p dir=\"ltr\" style=\"text-align: left;\"><strong><em>Colloque \u00e0 la m\u00e9moire de Boudris BOULAID<\/em><\/strong><\/p>\n<p dir=\"ltr\" style=\"text-align: left;\"><strong>Expos\u00e9s autour des d\u00e9couvertes arch\u00e9ologiques au Maroc<\/strong><\/p>\n<p dir=\"ltr\" style=\"text-align: left;\"><strong>Abdeljlil BOUZOUGAR- Halima GHAZI- Mustafa OUACHI-Khazaal EL MAJIDI- Rachid AYLAL-Ahmed AASSID<\/strong><\/p>\n<p dir=\"ltr\" style=\"text-align: left;\"><strong>Mod\u00e9ration\u00a0: Mohamed ETTAKANTI<\/strong><\/p>\n<p dir=\"ltr\" style=\"text-align: left;\">18H30 : Centre Culturel Ahmed BOUKMAKH-Tanger<\/p>\n<p dir=\"ltr\" style=\"text-align: left;\"><strong>Conf\u00e9rence de Youssef ZIEDAN(Egypte)<\/strong><\/p>\n<p dir=\"ltr\" style=\"text-align: left;\"><strong>\u00ab\u00a0Les intrins\u00e8ques de la haine et ses motifs, un cri d\u2019avertissement\u00a0\u00bb<\/strong><\/p>\n<p dir=\"ltr\" style=\"text-align: left;\"><strong>Dimanche 28 juillet 2024<\/strong><\/p>\n<p dir=\"ltr\" style=\"text-align: left;\">11H00 : Centre Culturel Ahmed BOUKMAKH-Tanger<\/p>\n<p dir=\"ltr\" style=\"text-align: left;\"><strong>En pr\u00e9sence du romancier jordanien Ayman EL ATTOUM\u00a0:<\/strong><\/p>\n<p dir=\"ltr\" style=\"text-align: left;\"><strong>De nouvelles exp\u00e9riences litt\u00e9raires<\/strong><\/p>\n<p dir=\"ltr\" style=\"text-align: left;\"><strong>NouarAknisse- Asma MODOUBAH- Oussama EL AOUAMI- Younes OUALI- Said EL FALLAK- Mohammed BENHSAYEN-Aboufiras BROUK- Halim AL MADANI-Mohammed KANFOUDI- Mohamed Kaeim MABROUK<\/strong><strong>&#8211;<\/strong><\/p>\n<p dir=\"ltr\" style=\"text-align: left;\"><strong>Mod\u00e9ration\u00a0: Mokhlis SGHIR<\/strong><\/p>\n<p dir=\"ltr\" style=\"text-align: left;\">11H00 : Centre Culturel Ahmed BOUKMAKH-Tanger<\/p>\n<p dir=\"ltr\" style=\"text-align: left;\"><strong>Colloque:<\/strong><\/p>\n<p dir=\"ltr\" style=\"text-align: left;\"><strong>\u00ab\u00a0Le danger de la chute morale..o\u00f9 va-t-on?\u00a0\u00bb<\/strong><\/p>\n<p dir=\"ltr\" style=\"text-align: left;\"><strong>\u00a0<\/strong><strong>Mohammed TOZY(Maroc)-Borhane GHALYOUN(Syrie)-Khazaal AL MAJIDI(Irak)<\/strong><\/p>\n<p dir=\"ltr\" style=\"text-align: left;\"><strong>Mod\u00e9ration\u00a0:Ahmed AASSID(Maroc)<\/strong><\/p>\n<p dir=\"ltr\" style=\"text-align: left;\">12H00 : Palais de Culture et des Arts- Malabata -Tanger<\/p>\n<p dir=\"ltr\" style=\"text-align: left;\"><strong>Grande soir\u00e9e musicale<\/strong><\/p>\n<p dir=\"ltr\" style=\"text-align: left;\"><strong>IHRAN \u2013 RAFROUE &#8211; MILOUDA<\/strong><\/p>\n<p dir=\"ltr\" style=\"text-align: left;\">\n<p dir=\"ltr\" style=\"text-align: left;\">\n","protected":false},"excerpt":{"rendered":"<p>Programme du 18\u00e8me \u00e9dition du Festival TWIZA de Tanger sous le th\u00e8me : \u00a0\u00ab\u00a0Les nations pr\u00e9valent tant qu\u2019elles pr\u00e9servent leurs morales..\u00bb \u00a0Jeudi 25 juillet 2024 18H00\u00a0: Centre Culturel Ahmed BOUKMAKH-Tanger &#8211; L&#8217;ouverture officielle du festival: Exposition de livres en collaboration avec &#8220;Union de Editeurs Marocain&#8221;. Exposition: IZRAN qui \u00e9manent des Visages du Rif, Zakaria El [&hellip;]<\/p>\n","protected":false},"author":1,"featured_media":247,"comment_status":"closed","ping_status":"open","sticky":false,"template":"","format":"standard","meta":{"_monsterinsights_skip_tracking":false,"footnotes":""},"categories":[1],"tags":[],"class_list":["post-251","post","type-post","status-publish","format-standard","has-post-thumbnail","hentry","category-1"],"aioseo_notices":[],"aioseo_head":"\n\t\t<!-- All in One SEO 4.9.10 - aioseo.com -->\n\t<meta name=\"description\" content=\"Programme du 18\u00e8me \u00e9dition du Festival TWIZA de Tanger sous le th\u00e8me : \u00ab Les nations pr\u00e9valent tant qu\u2019elles pr\u00e9servent leurs morales..\u00bb Jeudi 25 juillet 2024 18H00 : Centre Culturel Ahmed BOUKMAKH-Tanger - L&#039;ouverture officielle du festival: Exposition de livres en collaboration avec &quot;Union de Editeurs Marocain&quot;. Exposition: IZRAN qui \u00e9manent des Visages du Rif, Zakaria El\" \/>\n\t<meta name=\"robots\" content=\"max-image-preview:large\" \/>\n\t<meta name=\"author\" content=\"admin\"\/>\n\t<meta name=\"google-site-verification\" content=\"D67J3FRyLAYlALHTgyO-I47_LWKi7eJ2G9zCy_QTjAU\" \/>\n\t<link rel=\"canonical\" href=\"https:\/\/www.festivaltwiza.ma\/wp\/programme-du-18eme-edition-du-festival-twiza-de-tanger\/\" \/>\n\t<meta name=\"generator\" content=\"All in One SEO (AIOSEO) 4.9.10\" \/>\n\t\t<meta property=\"og:locale\" content=\"ar_AR\" \/>\n\t\t<meta property=\"og:site_name\" content=\"Festival Twiza 20 - \u0645\u0624\u0633\u0633\u0629 \u0627\u0644\u0645\u0647\u0631\u062c\u0627\u0646 \u0627\u0644\u0645\u062a\u0648\u0633\u0637\u064a \u0644\u0644\u062b\u0642\u0627\u0641\u0629 \u0627\u0644\u0623\u0645\u0627\u0632\u064a\u063a\u064a\u0629\" \/>\n\t\t<meta property=\"og:type\" content=\"article\" \/>\n\t\t<meta property=\"og:title\" content=\"Programme du 18\u00e8me \u00e9dition du Festival TWIZA de Tanger - Festival Twiza 20\" \/>\n\t\t<meta property=\"og:description\" content=\"Programme du 18\u00e8me \u00e9dition du Festival TWIZA de Tanger sous le th\u00e8me : \u00ab Les nations pr\u00e9valent tant qu\u2019elles pr\u00e9servent leurs morales..\u00bb Jeudi 25 juillet 2024 18H00 : Centre Culturel Ahmed BOUKMAKH-Tanger - L&#039;ouverture officielle du festival: Exposition de livres en collaboration avec &quot;Union de Editeurs Marocain&quot;. Exposition: IZRAN qui \u00e9manent des Visages du Rif, Zakaria El\" \/>\n\t\t<meta property=\"og:url\" content=\"https:\/\/www.festivaltwiza.ma\/wp\/programme-du-18eme-edition-du-festival-twiza-de-tanger\/\" \/>\n\t\t<meta property=\"fb:app_id\" content=\"2274289750065817\" \/>\n\t\t<meta property=\"fb:admins\" content=\"jawharati83\" \/>\n\t\t<meta property=\"og:image\" content=\"https:\/\/www.festivaltwiza.ma\/wp\/wp-content\/uploads\/2024\/07\/Poster-Festival-TWIZA-18-e1720605089473.jpg\" \/>\n\t\t<meta property=\"og:image:secure_url\" content=\"https:\/\/www.festivaltwiza.ma\/wp\/wp-content\/uploads\/2024\/07\/Poster-Festival-TWIZA-18-e1720605089473.jpg\" \/>\n\t\t<meta property=\"og:image:width\" content=\"1587\" \/>\n\t\t<meta property=\"og:image:height\" content=\"725\" \/>\n\t\t<meta property=\"article:published_time\" content=\"2024-07-11T17:47:54+00:00\" \/>\n\t\t<meta property=\"article:modified_time\" content=\"2024-07-11T17:47:54+00:00\" \/>\n\t\t<meta property=\"article:publisher\" content=\"https:\/\/web.facebook.com\/FestivalTwiza\" \/>\n\t\t<meta name=\"twitter:card\" content=\"summary_large_image\" \/>\n\t\t<meta name=\"twitter:title\" content=\"Programme du 18\u00e8me \u00e9dition du Festival TWIZA de Tanger - Festival Twiza 20\" \/>\n\t\t<meta name=\"twitter:description\" content=\"Programme du 18\u00e8me \u00e9dition du Festival TWIZA de Tanger sous le th\u00e8me : \u00ab Les nations pr\u00e9valent tant qu\u2019elles pr\u00e9servent leurs morales..\u00bb Jeudi 25 juillet 2024 18H00 : Centre Culturel Ahmed BOUKMAKH-Tanger - L&#039;ouverture officielle du festival: Exposition de livres en collaboration avec &quot;Union de Editeurs Marocain&quot;. Exposition: IZRAN qui \u00e9manent des Visages du Rif, Zakaria El\" \/>\n\t\t<meta name=\"twitter:image\" content=\"https:\/\/www.festivaltwiza.ma\/wp\/wp-content\/uploads\/2024\/07\/Poster-Festival-TWIZA-18-e1720605089473.jpg\" \/>\n\t\t<script type=\"application\/ld+json\" class=\"aioseo-schema\">\n\t\t\t{\"@context\":\"https:\\\/\\\/schema.org\",\"@graph\":[{\"@type\":\"BlogPosting\",\"@id\":\"https:\\\/\\\/www.festivaltwiza.ma\\\/wp\\\/programme-du-18eme-edition-du-festival-twiza-de-tanger\\\/#blogposting\",\"name\":\"Programme du 18\\u00e8me \\u00e9dition du Festival TWIZA de Tanger - Festival Twiza 20\",\"headline\":\"Programme du 18\\u00e8me \\u00e9dition du Festival TWIZA de Tanger\",\"author\":{\"@id\":\"https:\\\/\\\/www.festivaltwiza.ma\\\/wp\\\/author\\\/admin\\\/#author\"},\"publisher\":{\"@id\":\"https:\\\/\\\/www.festivaltwiza.ma\\\/wp\\\/#organization\"},\"image\":{\"@type\":\"ImageObject\",\"url\":\"https:\\\/\\\/www.festivaltwiza.ma\\\/wp\\\/wp-content\\\/uploads\\\/2024\\\/07\\\/Poster-Festival-TWIZA-18-e1720605089473.jpg\",\"width\":1587,\"height\":725},\"datePublished\":\"2024-07-11T17:47:54+00:00\",\"dateModified\":\"2024-07-11T17:47:54+00:00\",\"inLanguage\":\"ar\",\"mainEntityOfPage\":{\"@id\":\"https:\\\/\\\/www.festivaltwiza.ma\\\/wp\\\/programme-du-18eme-edition-du-festival-twiza-de-tanger\\\/#webpage\"},\"isPartOf\":{\"@id\":\"https:\\\/\\\/www.festivaltwiza.ma\\\/wp\\\/programme-du-18eme-edition-du-festival-twiza-de-tanger\\\/#webpage\"},\"articleSection\":\"\\u0628\\u0644\\u0627\\u063a\\u0627\\u062a\"},{\"@type\":\"BreadcrumbList\",\"@id\":\"https:\\\/\\\/www.festivaltwiza.ma\\\/wp\\\/programme-du-18eme-edition-du-festival-twiza-de-tanger\\\/#breadcrumblist\",\"itemListElement\":[{\"@type\":\"ListItem\",\"@id\":\"https:\\\/\\\/www.festivaltwiza.ma\\\/wp#listItem\",\"position\":1,\"name\":\"\\u0627\\u0644\\u0631\\u0626\\u064a\\u0633\\u064a\\u0629\",\"item\":\"https:\\\/\\\/www.festivaltwiza.ma\\\/wp\",\"nextItem\":{\"@type\":\"ListItem\",\"@id\":\"https:\\\/\\\/www.festivaltwiza.ma\\\/wp\\\/category\\\/%d8%a8%d9%84%d8%a7%d8%ba%d8%a7%d8%aa\\\/#listItem\",\"name\":\"\\u0628\\u0644\\u0627\\u063a\\u0627\\u062a\"}},{\"@type\":\"ListItem\",\"@id\":\"https:\\\/\\\/www.festivaltwiza.ma\\\/wp\\\/category\\\/%d8%a8%d9%84%d8%a7%d8%ba%d8%a7%d8%aa\\\/#listItem\",\"position\":2,\"name\":\"\\u0628\\u0644\\u0627\\u063a\\u0627\\u062a\",\"item\":\"https:\\\/\\\/www.festivaltwiza.ma\\\/wp\\\/category\\\/%d8%a8%d9%84%d8%a7%d8%ba%d8%a7%d8%aa\\\/\",\"nextItem\":{\"@type\":\"ListItem\",\"@id\":\"https:\\\/\\\/www.festivaltwiza.ma\\\/wp\\\/programme-du-18eme-edition-du-festival-twiza-de-tanger\\\/#listItem\",\"name\":\"Programme du 18\\u00e8me \\u00e9dition du Festival TWIZA de Tanger\"},\"previousItem\":{\"@type\":\"ListItem\",\"@id\":\"https:\\\/\\\/www.festivaltwiza.ma\\\/wp#listItem\",\"name\":\"\\u0627\\u0644\\u0631\\u0626\\u064a\\u0633\\u064a\\u0629\"}},{\"@type\":\"ListItem\",\"@id\":\"https:\\\/\\\/www.festivaltwiza.ma\\\/wp\\\/programme-du-18eme-edition-du-festival-twiza-de-tanger\\\/#listItem\",\"position\":3,\"name\":\"Programme du 18\\u00e8me \\u00e9dition du Festival TWIZA de Tanger\",\"previousItem\":{\"@type\":\"ListItem\",\"@id\":\"https:\\\/\\\/www.festivaltwiza.ma\\\/wp\\\/category\\\/%d8%a8%d9%84%d8%a7%d8%ba%d8%a7%d8%aa\\\/#listItem\",\"name\":\"\\u0628\\u0644\\u0627\\u063a\\u0627\\u062a\"}}]},{\"@type\":\"Organization\",\"@id\":\"https:\\\/\\\/www.festivaltwiza.ma\\\/wp\\\/#organization\",\"name\":\"Festival Twiza 20\",\"description\":\"\\u0645\\u0624\\u0633\\u0633\\u0629 \\u0627\\u0644\\u0645\\u0647\\u0631\\u062c\\u0627\\u0646 \\u0627\\u0644\\u0645\\u062a\\u0648\\u0633\\u0637\\u064a \\u0644\\u0644\\u062b\\u0642\\u0627\\u0641\\u0629 \\u0627\\u0644\\u0623\\u0645\\u0627\\u0632\\u064a\\u063a\\u064a\\u0629\",\"url\":\"https:\\\/\\\/www.festivaltwiza.ma\\\/wp\\\/\"},{\"@type\":\"Person\",\"@id\":\"https:\\\/\\\/www.festivaltwiza.ma\\\/wp\\\/author\\\/admin\\\/#author\",\"url\":\"https:\\\/\\\/www.festivaltwiza.ma\\\/wp\\\/author\\\/admin\\\/\",\"name\":\"admin\",\"image\":{\"@type\":\"ImageObject\",\"@id\":\"https:\\\/\\\/www.festivaltwiza.ma\\\/wp\\\/programme-du-18eme-edition-du-festival-twiza-de-tanger\\\/#authorImage\",\"url\":\"https:\\\/\\\/secure.gravatar.com\\\/avatar\\\/b61b1c270532187f1418270ceabce29d301cdeb9549faa86a0f421f5f9fc4299?s=96&r=g\",\"width\":96,\"height\":96,\"caption\":\"admin\"}},{\"@type\":\"WebPage\",\"@id\":\"https:\\\/\\\/www.festivaltwiza.ma\\\/wp\\\/programme-du-18eme-edition-du-festival-twiza-de-tanger\\\/#webpage\",\"url\":\"https:\\\/\\\/www.festivaltwiza.ma\\\/wp\\\/programme-du-18eme-edition-du-festival-twiza-de-tanger\\\/\",\"name\":\"Programme du 18\\u00e8me \\u00e9dition du Festival TWIZA de Tanger - Festival Twiza 20\",\"description\":\"Programme du 18\\u00e8me \\u00e9dition du Festival TWIZA de Tanger sous le th\\u00e8me : \\u00ab Les nations pr\\u00e9valent tant qu\\u2019elles pr\\u00e9servent leurs morales..\\u00bb Jeudi 25 juillet 2024 18H00 : Centre Culturel Ahmed BOUKMAKH-Tanger - L'ouverture officielle du festival: Exposition de livres en collaboration avec \\\"Union de Editeurs Marocain\\\". Exposition: IZRAN qui \\u00e9manent des Visages du Rif, Zakaria El\",\"inLanguage\":\"ar\",\"isPartOf\":{\"@id\":\"https:\\\/\\\/www.festivaltwiza.ma\\\/wp\\\/#website\"},\"breadcrumb\":{\"@id\":\"https:\\\/\\\/www.festivaltwiza.ma\\\/wp\\\/programme-du-18eme-edition-du-festival-twiza-de-tanger\\\/#breadcrumblist\"},\"author\":{\"@id\":\"https:\\\/\\\/www.festivaltwiza.ma\\\/wp\\\/author\\\/admin\\\/#author\"},\"creator\":{\"@id\":\"https:\\\/\\\/www.festivaltwiza.ma\\\/wp\\\/author\\\/admin\\\/#author\"},\"image\":{\"@type\":\"ImageObject\",\"url\":\"https:\\\/\\\/www.festivaltwiza.ma\\\/wp\\\/wp-content\\\/uploads\\\/2024\\\/07\\\/Poster-Festival-TWIZA-18-e1720605089473.jpg\",\"@id\":\"https:\\\/\\\/www.festivaltwiza.ma\\\/wp\\\/programme-du-18eme-edition-du-festival-twiza-de-tanger\\\/#mainImage\",\"width\":1587,\"height\":725},\"primaryImageOfPage\":{\"@id\":\"https:\\\/\\\/www.festivaltwiza.ma\\\/wp\\\/programme-du-18eme-edition-du-festival-twiza-de-tanger\\\/#mainImage\"},\"datePublished\":\"2024-07-11T17:47:54+00:00\",\"dateModified\":\"2024-07-11T17:47:54+00:00\"},{\"@type\":\"WebSite\",\"@id\":\"https:\\\/\\\/www.festivaltwiza.ma\\\/wp\\\/#website\",\"url\":\"https:\\\/\\\/www.festivaltwiza.ma\\\/wp\\\/\",\"name\":\"Festival Twiza 20\",\"description\":\"\\u0645\\u0624\\u0633\\u0633\\u0629 \\u0627\\u0644\\u0645\\u0647\\u0631\\u062c\\u0627\\u0646 \\u0627\\u0644\\u0645\\u062a\\u0648\\u0633\\u0637\\u064a \\u0644\\u0644\\u062b\\u0642\\u0627\\u0641\\u0629 \\u0627\\u0644\\u0623\\u0645\\u0627\\u0632\\u064a\\u063a\\u064a\\u0629\",\"inLanguage\":\"ar\",\"publisher\":{\"@id\":\"https:\\\/\\\/www.festivaltwiza.ma\\\/wp\\\/#organization\"}}]}\n\t\t<\/script>\n\t\t<!-- All in One SEO -->\n\n","aioseo_head_json":{"title":"Programme du 18\u00e8me \u00e9dition du Festival TWIZA de Tanger - Festival Twiza 20","description":"Programme du 18\u00e8me \u00e9dition du Festival TWIZA de Tanger sous le th\u00e8me : \u00ab Les nations pr\u00e9valent tant qu\u2019elles pr\u00e9servent leurs morales..\u00bb Jeudi 25 juillet 2024 18H00 : Centre Culturel Ahmed BOUKMAKH-Tanger - L'ouverture officielle du festival: Exposition de livres en collaboration avec \"Union de Editeurs Marocain\". Exposition: IZRAN qui \u00e9manent des Visages du Rif, Zakaria El","canonical_url":"https:\/\/www.festivaltwiza.ma\/wp\/programme-du-18eme-edition-du-festival-twiza-de-tanger\/","robots":"max-image-preview:large","keywords":"","webmasterTools":{"google-site-verification":"D67J3FRyLAYlALHTgyO-I47_LWKi7eJ2G9zCy_QTjAU","miscellaneous":""},"schema":{"@context":"https:\/\/schema.org","@graph":[{"@type":"BlogPosting","@id":"https:\/\/www.festivaltwiza.ma\/wp\/programme-du-18eme-edition-du-festival-twiza-de-tanger\/#blogposting","name":"Programme du 18\u00e8me \u00e9dition du Festival TWIZA de Tanger - Festival Twiza 20","headline":"Programme du 18\u00e8me \u00e9dition du Festival TWIZA de Tanger","author":{"@id":"https:\/\/www.festivaltwiza.ma\/wp\/author\/admin\/#author"},"publisher":{"@id":"https:\/\/www.festivaltwiza.ma\/wp\/#organization"},"image":{"@type":"ImageObject","url":"https:\/\/www.festivaltwiza.ma\/wp\/wp-content\/uploads\/2024\/07\/Poster-Festival-TWIZA-18-e1720605089473.jpg","width":1587,"height":725},"datePublished":"2024-07-11T17:47:54+00:00","dateModified":"2024-07-11T17:47:54+00:00","inLanguage":"ar","mainEntityOfPage":{"@id":"https:\/\/www.festivaltwiza.ma\/wp\/programme-du-18eme-edition-du-festival-twiza-de-tanger\/#webpage"},"isPartOf":{"@id":"https:\/\/www.festivaltwiza.ma\/wp\/programme-du-18eme-edition-du-festival-twiza-de-tanger\/#webpage"},"articleSection":"\u0628\u0644\u0627\u063a\u0627\u062a"},{"@type":"BreadcrumbList","@id":"https:\/\/www.festivaltwiza.ma\/wp\/programme-du-18eme-edition-du-festival-twiza-de-tanger\/#breadcrumblist","itemListElement":[{"@type":"ListItem","@id":"https:\/\/www.festivaltwiza.ma\/wp#listItem","position":1,"name":"\u0627\u0644\u0631\u0626\u064a\u0633\u064a\u0629","item":"https:\/\/www.festivaltwiza.ma\/wp","nextItem":{"@type":"ListItem","@id":"https:\/\/www.festivaltwiza.ma\/wp\/category\/%d8%a8%d9%84%d8%a7%d8%ba%d8%a7%d8%aa\/#listItem","name":"\u0628\u0644\u0627\u063a\u0627\u062a"}},{"@type":"ListItem","@id":"https:\/\/www.festivaltwiza.ma\/wp\/category\/%d8%a8%d9%84%d8%a7%d8%ba%d8%a7%d8%aa\/#listItem","position":2,"name":"\u0628\u0644\u0627\u063a\u0627\u062a","item":"https:\/\/www.festivaltwiza.ma\/wp\/category\/%d8%a8%d9%84%d8%a7%d8%ba%d8%a7%d8%aa\/","nextItem":{"@type":"ListItem","@id":"https:\/\/www.festivaltwiza.ma\/wp\/programme-du-18eme-edition-du-festival-twiza-de-tanger\/#listItem","name":"Programme du 18\u00e8me \u00e9dition du Festival TWIZA de Tanger"},"previousItem":{"@type":"ListItem","@id":"https:\/\/www.festivaltwiza.ma\/wp#listItem","name":"\u0627\u0644\u0631\u0626\u064a\u0633\u064a\u0629"}},{"@type":"ListItem","@id":"https:\/\/www.festivaltwiza.ma\/wp\/programme-du-18eme-edition-du-festival-twiza-de-tanger\/#listItem","position":3,"name":"Programme du 18\u00e8me \u00e9dition du Festival TWIZA de Tanger","previousItem":{"@type":"ListItem","@id":"https:\/\/www.festivaltwiza.ma\/wp\/category\/%d8%a8%d9%84%d8%a7%d8%ba%d8%a7%d8%aa\/#listItem","name":"\u0628\u0644\u0627\u063a\u0627\u062a"}}]},{"@type":"Organization","@id":"https:\/\/www.festivaltwiza.ma\/wp\/#organization","name":"Festival Twiza 20","description":"\u0645\u0624\u0633\u0633\u0629 \u0627\u0644\u0645\u0647\u0631\u062c\u0627\u0646 \u0627\u0644\u0645\u062a\u0648\u0633\u0637\u064a \u0644\u0644\u062b\u0642\u0627\u0641\u0629 \u0627\u0644\u0623\u0645\u0627\u0632\u064a\u063a\u064a\u0629","url":"https:\/\/www.festivaltwiza.ma\/wp\/"},{"@type":"Person","@id":"https:\/\/www.festivaltwiza.ma\/wp\/author\/admin\/#author","url":"https:\/\/www.festivaltwiza.ma\/wp\/author\/admin\/","name":"admin","image":{"@type":"ImageObject","@id":"https:\/\/www.festivaltwiza.ma\/wp\/programme-du-18eme-edition-du-festival-twiza-de-tanger\/#authorImage","url":"https:\/\/secure.gravatar.com\/avatar\/b61b1c270532187f1418270ceabce29d301cdeb9549faa86a0f421f5f9fc4299?s=96&r=g","width":96,"height":96,"caption":"admin"}},{"@type":"WebPage","@id":"https:\/\/www.festivaltwiza.ma\/wp\/programme-du-18eme-edition-du-festival-twiza-de-tanger\/#webpage","url":"https:\/\/www.festivaltwiza.ma\/wp\/programme-du-18eme-edition-du-festival-twiza-de-tanger\/","name":"Programme du 18\u00e8me \u00e9dition du Festival TWIZA de Tanger - Festival Twiza 20","description":"Programme du 18\u00e8me \u00e9dition du Festival TWIZA de Tanger sous le th\u00e8me : \u00ab Les nations pr\u00e9valent tant qu\u2019elles pr\u00e9servent leurs morales..\u00bb Jeudi 25 juillet 2024 18H00 : Centre Culturel Ahmed BOUKMAKH-Tanger - L'ouverture officielle du festival: Exposition de livres en collaboration avec \"Union de Editeurs Marocain\". Exposition: IZRAN qui \u00e9manent des Visages du Rif, Zakaria El","inLanguage":"ar","isPartOf":{"@id":"https:\/\/www.festivaltwiza.ma\/wp\/#website"},"breadcrumb":{"@id":"https:\/\/www.festivaltwiza.ma\/wp\/programme-du-18eme-edition-du-festival-twiza-de-tanger\/#breadcrumblist"},"author":{"@id":"https:\/\/www.festivaltwiza.ma\/wp\/author\/admin\/#author"},"creator":{"@id":"https:\/\/www.festivaltwiza.ma\/wp\/author\/admin\/#author"},"image":{"@type":"ImageObject","url":"https:\/\/www.festivaltwiza.ma\/wp\/wp-content\/uploads\/2024\/07\/Poster-Festival-TWIZA-18-e1720605089473.jpg","@id":"https:\/\/www.festivaltwiza.ma\/wp\/programme-du-18eme-edition-du-festival-twiza-de-tanger\/#mainImage","width":1587,"height":725},"primaryImageOfPage":{"@id":"https:\/\/www.festivaltwiza.ma\/wp\/programme-du-18eme-edition-du-festival-twiza-de-tanger\/#mainImage"},"datePublished":"2024-07-11T17:47:54+00:00","dateModified":"2024-07-11T17:47:54+00:00"},{"@type":"WebSite","@id":"https:\/\/www.festivaltwiza.ma\/wp\/#website","url":"https:\/\/www.festivaltwiza.ma\/wp\/","name":"Festival Twiza 20","description":"\u0645\u0624\u0633\u0633\u0629 \u0627\u0644\u0645\u0647\u0631\u062c\u0627\u0646 \u0627\u0644\u0645\u062a\u0648\u0633\u0637\u064a \u0644\u0644\u062b\u0642\u0627\u0641\u0629 \u0627\u0644\u0623\u0645\u0627\u0632\u064a\u063a\u064a\u0629","inLanguage":"ar","publisher":{"@id":"https:\/\/www.festivaltwiza.ma\/wp\/#organization"}}]},"og:locale":"ar_AR","og:site_name":"Festival Twiza 20 - \u0645\u0624\u0633\u0633\u0629 \u0627\u0644\u0645\u0647\u0631\u062c\u0627\u0646 \u0627\u0644\u0645\u062a\u0648\u0633\u0637\u064a \u0644\u0644\u062b\u0642\u0627\u0641\u0629 \u0627\u0644\u0623\u0645\u0627\u0632\u064a\u063a\u064a\u0629","og:type":"article","og:title":"Programme du 18\u00e8me \u00e9dition du Festival TWIZA de Tanger - Festival Twiza 20","og:description":"Programme du 18\u00e8me \u00e9dition du Festival TWIZA de Tanger sous le th\u00e8me : \u00ab Les nations pr\u00e9valent tant qu\u2019elles pr\u00e9servent leurs morales..\u00bb Jeudi 25 juillet 2024 18H00 : Centre Culturel Ahmed BOUKMAKH-Tanger - L'ouverture officielle du festival: Exposition de livres en collaboration avec &quot;Union de Editeurs Marocain&quot;. Exposition: IZRAN qui \u00e9manent des Visages du Rif, Zakaria El","og:url":"https:\/\/www.festivaltwiza.ma\/wp\/programme-du-18eme-edition-du-festival-twiza-de-tanger\/","fb:app_id":"2274289750065817","fb:admins":"jawharati83","og:image":"https:\/\/www.festivaltwiza.ma\/wp\/wp-content\/uploads\/2024\/07\/Poster-Festival-TWIZA-18-e1720605089473.jpg","og:image:secure_url":"https:\/\/www.festivaltwiza.ma\/wp\/wp-content\/uploads\/2024\/07\/Poster-Festival-TWIZA-18-e1720605089473.jpg","og:image:width":1587,"og:image:height":725,"article:published_time":"2024-07-11T17:47:54+00:00","article:modified_time":"2024-07-11T17:47:54+00:00","article:publisher":"https:\/\/web.facebook.com\/FestivalTwiza","twitter:card":"summary_large_image","twitter:title":"Programme du 18\u00e8me \u00e9dition du Festival TWIZA de Tanger - Festival Twiza 20","twitter:description":"Programme du 18\u00e8me \u00e9dition du Festival TWIZA de Tanger sous le th\u00e8me : \u00ab Les nations pr\u00e9valent tant qu\u2019elles pr\u00e9servent leurs morales..\u00bb Jeudi 25 juillet 2024 18H00 : Centre Culturel Ahmed BOUKMAKH-Tanger - L'ouverture officielle du festival: Exposition de livres en collaboration avec &quot;Union de Editeurs Marocain&quot;. Exposition: IZRAN qui \u00e9manent des Visages du Rif, Zakaria El","twitter:image":"https:\/\/www.festivaltwiza.ma\/wp\/wp-content\/uploads\/2024\/07\/Poster-Festival-TWIZA-18-e1720605089473.jpg"},"aioseo_meta_data":{"post_id":"251","title":null,"description":null,"keywords":null,"keyphrases":null,"primary_term":null,"canonical_url":null,"og_title":null,"og_description":null,"og_object_type":"default","og_image_type":"default","og_image_url":null,"og_image_width":null,"og_image_height":null,"og_image_custom_url":null,"og_image_custom_fields":null,"og_video":null,"og_custom_url":null,"og_article_section":null,"og_article_tags":null,"twitter_use_og":false,"twitter_card":"default","twitter_image_type":"default","twitter_image_url":null,"twitter_image_custom_url":null,"twitter_image_custom_fields":null,"twitter_title":null,"twitter_description":null,"schema":{"blockGraphs":[],"customGraphs":[],"default":{"data":{"Article":[],"Course":[],"Dataset":[],"FAQPage":[],"Movie":[],"Person":[],"Product":[],"ProductReview":[],"Car":[],"Recipe":[],"Service":[],"SoftwareApplication":[],"WebPage":[]},"graphName":"","isEnabled":true},"graphs":[]},"schema_type":"default","schema_type_options":null,"pillar_content":false,"robots_default":true,"robots_noindex":false,"robots_noarchive":false,"robots_nosnippet":false,"robots_nofollow":false,"robots_noimageindex":false,"robots_noodp":false,"robots_notranslate":false,"robots_max_snippet":null,"robots_max_videopreview":null,"robots_max_imagepreview":"large","priority":null,"frequency":null,"local_seo":null,"breadcrumb_settings":null,"limit_modified_date":false,"ai":null,"created":"2024-07-23 00:38:25","updated":"2025-07-04 20:55:01","seo_analyzer_scan_date":null},"aioseo_breadcrumb":"<div class=\"aioseo-breadcrumbs\"><span class=\"aioseo-breadcrumb\">\n\t\t\t<a href=\"https:\/\/www.festivaltwiza.ma\/wp\" title=\"\u0627\u0644\u0631\u0626\u064a\u0633\u064a\u0629\">\u0627\u0644\u0631\u0626\u064a\u0633\u064a\u0629<\/a>\n\t\t<\/span><span class=\"aioseo-breadcrumb-separator\">&raquo;<\/span><span class=\"aioseo-breadcrumb\">\n\t\t\t<a href=\"https:\/\/www.festivaltwiza.ma\/wp\/category\/%d8%a8%d9%84%d8%a7%d8%ba%d8%a7%d8%aa\/\" title=\"\u0628\u0644\u0627\u063a\u0627\u062a\">\u0628\u0644\u0627\u063a\u0627\u062a<\/a>\n\t\t<\/span><span class=\"aioseo-breadcrumb-separator\">&raquo;<\/span><span class=\"aioseo-breadcrumb\">\n\t\t\tProgramme du 18\u00e8me \u00e9dition du Festival TWIZA de Tanger\n\t\t<\/span><\/div>","aioseo_breadcrumb_json":[{"label":"\u0627\u0644\u0631\u0626\u064a\u0633\u064a\u0629","link":"https:\/\/www.festivaltwiza.ma\/wp"},{"label":"\u0628\u0644\u0627\u063a\u0627\u062a","link":"https:\/\/www.festivaltwiza.ma\/wp\/category\/%d8%a8%d9%84%d8%a7%d8%ba%d8%a7%d8%aa\/"},{"label":"Programme du 18\u00e8me \u00e9dition du Festival TWIZA de Tanger","link":"https:\/\/www.festivaltwiza.ma\/wp\/programme-du-18eme-edition-du-festival-twiza-de-tanger\/"}],"_links":{"self":[{"href":"https:\/\/www.festivaltwiza.ma\/wp\/wp-json\/wp\/v2\/posts\/251","targetHints":{"allow":["GET"]}}],"collection":[{"href":"https:\/\/www.festivaltwiza.ma\/wp\/wp-json\/wp\/v2\/posts"}],"about":[{"href":"https:\/\/www.festivaltwiza.ma\/wp\/wp-json\/wp\/v2\/types\/post"}],"author":[{"embeddable":true,"href":"https:\/\/www.festivaltwiza.ma\/wp\/wp-json\/wp\/v2\/users\/1"}],"replies":[{"embeddable":true,"href":"https:\/\/www.festivaltwiza.ma\/wp\/wp-json\/wp\/v2\/comments?post=251"}],"version-history":[{"count":1,"href":"https:\/\/www.festivaltwiza.ma\/wp\/wp-json\/wp\/v2\/posts\/251\/revisions"}],"predecessor-version":[{"id":252,"href":"https:\/\/www.festivaltwiza.ma\/wp\/wp-json\/wp\/v2\/posts\/251\/revisions\/252"}],"wp:featuredmedia":[{"embeddable":true,"href":"https:\/\/www.festivaltwiza.ma\/wp\/wp-json\/wp\/v2\/media\/247"}],"wp:attachment":[{"href":"https:\/\/www.festivaltwiza.ma\/wp\/wp-json\/wp\/v2\/media?parent=251"}],"wp:term":[{"taxonomy":"category","embeddable":true,"href":"https:\/\/www.festivaltwiza.ma\/wp\/wp-json\/wp\/v2\/categories?post=251"},{"taxonomy":"post_tag","embeddable":true,"href":"https:\/\/www.festivaltwiza.ma\/wp\/wp-json\/wp\/v2\/tags?post=251"}],"curies":[{"name":"wp","href":"https:\/\/api.w.org\/{rel}","templated":true}]}}